{"id":260,"date":"2025-09-22T15:34:53","date_gmt":"2025-09-22T15:34:53","guid":{"rendered":"https:\/\/www.leyform.es\/blog\/?p=260"},"modified":"2025-09-22T15:34:54","modified_gmt":"2025-09-22T15:34:54","slug":"puf-y-sofa-modular-noa-gana-big-see-product-design-award-2025","status":"publish","type":"post","link":"https:\/\/www.leyform.es\/blog\/puf-y-sofa-modular-noa-gana-big-see-product-design-award-2025\/","title":{"rendered":"El puf y sof\u00e1 modular No\u00e0 gana el BIG SEE Product Design Award 2025"},"content":{"rendered":"\n<h2 class=\"wp-block-heading\">Made in Italy protagonista: el puf y sof\u00e1 modular No\u00e0 premiado y expuesto en el BIG SEE Design Trade Show de Liubliana<\/h2>\n\n\n\n<figure class=\"wp-block-image size-full is-resized\" style=\"margin-top:10px;margin-right:0px;margin-bottom:10px;margin-left:0px\"><a href=\"https:\/\/www.leyform.es\/silla-y-sofa-p-sala-de-espera\/sofa-plus-puf-grande-modular-colores-p-open-space-noa.html\" target=\"_blank\" rel=\" noreferrer noopener\"><img loading=\"lazy\" decoding=\"async\" width=\"1600\" height=\"1151\" src=\"https:\/\/www.leyform.es\/blog\/wp-content\/uploads\/2025\/09\/unnamed.jpg\" alt=\"puf-y-sof\u00e1-modular-0\" class=\"wp-image-261\" style=\"aspect-ratio:4\/3;object-fit:cover;width:1120px\" srcset=\"https:\/\/www.leyform.es\/blog\/wp-content\/uploads\/2025\/09\/unnamed.jpg 1600w, https:\/\/www.leyform.es\/blog\/wp-content\/uploads\/2025\/09\/unnamed-300x216.jpg 300w, https:\/\/www.leyform.es\/blog\/wp-content\/uploads\/2025\/09\/unnamed-1024x737.jpg 1024w, https:\/\/www.leyform.es\/blog\/wp-content\/uploads\/2025\/09\/unnamed-768x552.jpg 768w, https:\/\/www.leyform.es\/blog\/wp-content\/uploads\/2025\/09\/unnamed-1536x1105.jpg 1536w\" sizes=\"auto, (max-width: 1600px) 100vw, 1600px\" \/><\/a><\/figure>\n\n\n\n<p>Leyform ha sido galardonada en los BIG SEE Architecture &amp; Interior Design Awards 2025.<br><a href=\"https:\/\/www.leyform.es\/silla-y-sofa-p-sala-de-espera\/sofa-plus-puf-grande-modular-colores-p-open-space-noa.html\" target=\"_blank\" rel=\"noreferrer noopener\">La colecci\u00f3n No\u00e0<\/a>, firmada por Nicola Cacco, se ha llevado el BIG SEE Award 2025 en la categor\u00eda \u201cProduct Design\u201d. Un reconocimiento que celebra la excelencia del dise\u00f1o italiano y el valor de un proyecto que combina versatilidad, confort y elegancia.<\/p>\n\n\n\n<h3 class=\"wp-block-heading\">Versatilidad para cada espacio de espera<\/h3>\n\n\n<div class=\"wp-block-image\">\n<figure class=\"alignleft size-full is-resized\" style=\"margin-top:10px;margin-right:0px;margin-bottom:10px;margin-left:0px\"><a href=\"https:\/\/www.leyform.es\/silla-y-sofa-p-sala-de-espera\/sofa-plus-puf-grande-modular-colores-p-open-space-noa.html\" target=\"_blank\" rel=\" noreferrer noopener\"><img loading=\"lazy\" decoding=\"async\" width=\"1120\" height=\"800\" src=\"https:\/\/www.leyform.es\/blog\/wp-content\/uploads\/2025\/09\/Pouf-e-divano-modulare.png\" alt=\"puf-y-sof\u00e1-modular-1\" class=\"wp-image-262\" style=\"aspect-ratio:4\/3;object-fit:cover;width:1120px\" srcset=\"https:\/\/www.leyform.es\/blog\/wp-content\/uploads\/2025\/09\/Pouf-e-divano-modulare.png 1120w, https:\/\/www.leyform.es\/blog\/wp-content\/uploads\/2025\/09\/Pouf-e-divano-modulare-300x214.png 300w, https:\/\/www.leyform.es\/blog\/wp-content\/uploads\/2025\/09\/Pouf-e-divano-modulare-1024x731.png 1024w, https:\/\/www.leyform.es\/blog\/wp-content\/uploads\/2025\/09\/Pouf-e-divano-modulare-768x549.png 768w\" sizes=\"auto, (max-width: 1120px) 100vw, 1120px\" \/><\/a><\/figure>\n<\/div>\n\n\n<p class=\"has-text-align-center\"><\/p>\n\n\n\n<p>El sistema modular de <a href=\"https:\/\/www.leyform.es\/silla-y-sofa-p-sala-de-espera\/sofa-plus-puf-grande-modular-colores-p-open-space-noa.html\" target=\"_blank\" rel=\"noreferrer noopener\">puf y sof\u00e1 No\u00e0<\/a> est\u00e1 pensado para entornos abiertos de gran tr\u00e1nsito como recepciones, halls, lobbies, salas de espera de oficinas, hoteles, estaciones y centros comerciales. Puede configurarse como puf, sof\u00e1 lounge, banco o asiento con respaldo, en versiones de 1, 2 o 3 plazas, todas enlazables entre s\u00ed.<\/p>\n\n\n\n<h3 class=\"wp-block-heading has-text-align-left\">Confort hi-tech y dise\u00f1o sostenible<\/h3>\n\n\n<div class=\"wp-block-image\">\n<figure class=\"alignleft size-full is-resized\" style=\"margin-top:10px;margin-right:0px;margin-bottom:10px;margin-left:0px\"><a href=\"https:\/\/www.leyform.es\/silla-y-sofa-p-sala-de-espera\/sofa-plus-puf-grande-modular-colores-p-open-space-noa.html\" target=\"_blank\" rel=\" noreferrer noopener\"><img loading=\"lazy\" decoding=\"async\" width=\"1120\" height=\"800\" src=\"https:\/\/www.leyform.es\/blog\/wp-content\/uploads\/2025\/09\/Pouf-e-divano-modulare-2-1.png\" alt=\"puf-y-sof\u00e1-modular-2\" class=\"wp-image-263\" style=\"aspect-ratio:4\/3;object-fit:cover;width:1120px\" srcset=\"https:\/\/www.leyform.es\/blog\/wp-content\/uploads\/2025\/09\/Pouf-e-divano-modulare-2-1.png 1120w, https:\/\/www.leyform.es\/blog\/wp-content\/uploads\/2025\/09\/Pouf-e-divano-modulare-2-1-300x214.png 300w, https:\/\/www.leyform.es\/blog\/wp-content\/uploads\/2025\/09\/Pouf-e-divano-modulare-2-1-1024x731.png 1024w, https:\/\/www.leyform.es\/blog\/wp-content\/uploads\/2025\/09\/Pouf-e-divano-modulare-2-1-768x549.png 768w\" sizes=\"auto, (max-width: 1120px) 100vw, 1120px\" \/><\/a><\/figure>\n<\/div>\n\n\n<p>Cada puf y sof\u00e1 modular de la colecci\u00f3n puede equiparse con tomas SCHUKO y puertos USB-C para la carga de dispositivos m\u00f3viles como smartphones o pc laptop. Totalmente desmontable, No\u00e0 representa un ejemplo de dise\u00f1o responsable y sostenible que une funcionalidad y est\u00e9tica.<\/p>\n\n\n\n<h3 class=\"wp-block-heading\">Leyform en la feria BIG SEE 2025<\/h3>\n\n\n\n<p><strong>El puf y sof\u00e1 modular No\u00e0 estar\u00e1 expuesto en el <\/strong><a href=\"https:\/\/bigsee.eu\/big-design-2025-trade-show-selection\/\" target=\"_blank\" rel=\"noreferrer noopener\"><strong>BIG SEE Design Trade Show<\/strong><\/a><strong>, que se celebrar\u00e1 del 9 al 11 de octubre de 2025 en el Center Rog, Trubarjeva cesta 72, 1000 Liubliana, Eslovenia.<\/strong> Una ocasi\u00f3n \u00fanica para descubrir en vivo todas las combinaciones de vol\u00famenes, colores y acabados que convierten a No\u00e0 en un icono del dise\u00f1o Made in Italy.<\/p>\n\n\n\n<p>\u00bfQuieres verlo de cerca? \u00a1Te esperamos en la <a href=\"https:\/\/www.google.com\/maps\/place\/Center+Rog\/@46.0528568,14.5129975,2623m\/data=!3m1!1e3!4m6!3m5!1s0x47652d7d76b37875:0x52d308c160795f75!8m2!3d46.0514932!4d14.5151209!16s%2Fg%2F1q62l0cw4?entry=ttu&amp;g_ep=EgoyMDI1MDkxNi4wIKXMDSoASAFQAw%3D%3D\" target=\"_blank\" rel=\"noreferrer noopener\">feria<\/a> en el stand n.\u00ba 29!<\/p>\n","protected":false},"excerpt":{"rendered":"<p>Made in Italy protagonista: el puf y sof\u00e1 modular No\u00e0 premiado y expuesto en el BIG SEE Design Trade Show [&hellip;]<\/p>\n","protected":false},"author":1,"featured_media":264,"comment_status":"closed","ping_status":"closed","sticky":false,"template":"","format":"standard","meta":{"_acf_changed":false,"footnotes":""},"categories":[11,15],"tags":[54,53,52],"class_list":["post-260","post","type-post","status-publish","format-standard","has-post-thumbnail","hentry","category-espera","category-noticias","tag-big-see","tag-big-see-design-award","tag-puf-y-sofa-modular"],"acf":[],"_links":{"self":[{"href":"https:\/\/www.leyform.es\/blog\/wp-json\/wp\/v2\/posts\/260","targetHints":{"allow":["GET"]}}],"collection":[{"href":"https:\/\/www.leyform.es\/blog\/wp-json\/wp\/v2\/posts"}],"about":[{"href":"https:\/\/www.leyform.es\/blog\/wp-json\/wp\/v2\/types\/post"}],"author":[{"embeddable":true,"href":"https:\/\/www.leyform.es\/blog\/wp-json\/wp\/v2\/users\/1"}],"replies":[{"embeddable":true,"href":"https:\/\/www.leyform.es\/blog\/wp-json\/wp\/v2\/comments?post=260"}],"version-history":[{"count":4,"href":"https:\/\/www.leyform.es\/blog\/wp-json\/wp\/v2\/posts\/260\/revisions"}],"predecessor-version":[{"id":268,"href":"https:\/\/www.leyform.es\/blog\/wp-json\/wp\/v2\/posts\/260\/revisions\/268"}],"wp:featuredmedia":[{"embeddable":true,"href":"https:\/\/www.leyform.es\/blog\/wp-json\/wp\/v2\/media\/264"}],"wp:attachment":[{"href":"https:\/\/www.leyform.es\/blog\/wp-json\/wp\/v2\/media?parent=260"}],"wp:term":[{"taxonomy":"category","embeddable":true,"href":"https:\/\/www.leyform.es\/blog\/wp-json\/wp\/v2\/categories?post=260"},{"taxonomy":"post_tag","embeddable":true,"href":"https:\/\/www.leyform.es\/blog\/wp-json\/wp\/v2\/tags?post=260"}],"curies":[{"name":"wp","href":"https:\/\/api.w.org\/{rel}","templated":true}]}}