{"id":279,"date":"2025-11-03T18:01:36","date_gmt":"2025-11-03T18:01:36","guid":{"rendered":"https:\/\/www.leyform.es\/blog\/?p=279"},"modified":"2025-11-03T18:01:36","modified_gmt":"2025-11-03T18:01:36","slug":"confort-se-convierte-en-cuidado-sillas-para-residencia-de-ancianos-leyform","status":"publish","type":"post","link":"https:\/\/www.leyform.es\/blog\/confort-se-convierte-en-cuidado-sillas-para-residencia-de-ancianos-leyform\/","title":{"rendered":"Cuando el confort se convierte en cuidado: las sillas para residencia de ancianos Leyform"},"content":{"rendered":"\n<h2 class=\"wp-block-heading\">Todos los detalles del proyecto para Caritas Tagesbetreuung Seitenstetten, donde bienestar y atenci\u00f3n se encuentran<\/h2>\n\n\n\n<p>Las sillas para residencias de ancianos representan un elemento esencial para garantizar el confort y la seguridad de los residentes. En entornos como residencias asistidas o centros de cuidados paliativos, donde el bienestar diario es una prioridad, Leyform dise\u00f1a asientos ergon\u00f3micos, resistentes y f\u00e1ciles de limpiar.<\/p>\n\n\n\n<p>En la Caritas Tagesbetreuung Seitenstetten, en Austria, se realiz\u00f3 un proyecto a medida en colaboraci\u00f3n con el estudio de arquitectura Whir 3, seleccionando tres modelos perfectamente adaptados a las necesidades del \u00e1rea de descanso de un entorno sanitario: <a href=\"https:\/\/www.leyform.es\/silla-y-sofa-p-sala-de-espera\/sofa-de-espera-c-diseno-moderno-y-enchufe-usb-around.html\" target=\"_blank\" rel=\"noreferrer noopener\">Around<\/a>, <a href=\"https:\/\/www.leyform.es\/silla-de-madera\/sillas-de-madera-p-residencias-de-ancianos-kalos.html\" target=\"_blank\" rel=\"noreferrer noopener\">Kalos<\/a> y <a href=\"https:\/\/www.leyform.es\/silla-de-conferencias\/silla-de-jardin-apilable-p-exterior-outdoor-greta.html\" target=\"_blank\" rel=\"noreferrer noopener\">Greta<\/a>.<\/p>\n\n\n\n<p>Los materiales y tonos elegidos evocan un motivo natural que transmite serenidad, seguridad y cercan\u00eda con la naturaleza, elementos que hacen del centro diurno Caritas Tagesbetreuung Seitenstetten un lugar donde el descanso, la dignidad y la atenci\u00f3n a las personas mayores ocupan un lugar central.<\/p>\n\n\n\n<h3 class=\"wp-block-heading\">Around: elegancia y tecnolog\u00eda para \u00e1reas de descanso y espacios compartidos<\/h3>\n\n\n\n<p><\/p>\n\n\n<div class=\"wp-block-image\">\n<figure class=\"alignleft size-full is-resized\" style=\"margin-top:10px;margin-right:0px;margin-bottom:10px;margin-left:0px\"><a href=\"https:\/\/www.leyform.es\/silla-y-sofa-p-sala-de-espera\/sofa-de-espera-c-diseno-moderno-y-enchufe-usb-around.html\" target=\"_blank\" rel=\" noreferrer noopener\"><img loading=\"lazy\" decoding=\"async\" width=\"2048\" height=\"1365\" src=\"https:\/\/www.leyform.es\/blog\/wp-content\/uploads\/2025\/10\/251001_Caritas_Whir3_0046_\u00a9philipphirtenlehner.jpg\" alt=\"sillas-para-residencia-de-ancianos\" class=\"wp-image-289\" style=\"aspect-ratio:16\/9;object-fit:cover;width:1120px\" srcset=\"https:\/\/www.leyform.es\/blog\/wp-content\/uploads\/2025\/10\/251001_Caritas_Whir3_0046_\u00a9philipphirtenlehner.jpg 2048w, https:\/\/www.leyform.es\/blog\/wp-content\/uploads\/2025\/10\/251001_Caritas_Whir3_0046_\u00a9philipphirtenlehner-300x200.jpg 300w, https:\/\/www.leyform.es\/blog\/wp-content\/uploads\/2025\/10\/251001_Caritas_Whir3_0046_\u00a9philipphirtenlehner-1024x683.jpg 1024w, https:\/\/www.leyform.es\/blog\/wp-content\/uploads\/2025\/10\/251001_Caritas_Whir3_0046_\u00a9philipphirtenlehner-768x512.jpg 768w, https:\/\/www.leyform.es\/blog\/wp-content\/uploads\/2025\/10\/251001_Caritas_Whir3_0046_\u00a9philipphirtenlehner-1536x1024.jpg 1536w\" sizes=\"auto, (max-width: 2048px) 100vw, 2048px\" \/><\/a><\/figure>\n<\/div>\n\n\n<p class=\"has-text-align-center\"><\/p>\n\n\n\n<p>Con su dise\u00f1o contempor\u00e1neo y puertos USB-C integrados, <a href=\"https:\/\/www.leyform.es\/silla-y-sofa-p-sala-de-espera\/sofa-de-espera-c-diseno-moderno-y-enchufe-usb-around.html\" target=\"_blank\" rel=\"noreferrer noopener\">Around<\/a> es perfecta para zonas comunes y salas de espera en residencias de ancianos y centros asistidos. Ofrece confort, funcionalidad y estilo, mejorando la experiencia tanto de los residentes como del personal.<\/p>\n\n\n\n<h3 class=\"wp-block-heading has-text-align-left\">Kalos: naturalidad y confort para las personas mayores<\/h3>\n\n\n<div class=\"wp-block-image\">\n<figure class=\"alignleft size-full is-resized\" style=\"margin-top:10px;margin-right:0px;margin-bottom:10px;margin-left:0px\"><a href=\"https:\/\/www.leyform.es\/silla-de-madera\/sillas-de-madera-p-residencias-de-ancianos-kalos.html\" target=\"_blank\" rel=\" noreferrer noopener\"><img loading=\"lazy\" decoding=\"async\" width=\"2048\" height=\"1365\" src=\"https:\/\/www.leyform.es\/blog\/wp-content\/uploads\/2025\/10\/251001_Caritas_Whir3_0437_\u00a9philipphirtenlehner-HDR.jpg\" alt=\"sillas-para-residencia-de-ancianos-1\" class=\"wp-image-290\" style=\"aspect-ratio:16\/9;object-fit:cover;width:1120px\" srcset=\"https:\/\/www.leyform.es\/blog\/wp-content\/uploads\/2025\/10\/251001_Caritas_Whir3_0437_\u00a9philipphirtenlehner-HDR.jpg 2048w, https:\/\/www.leyform.es\/blog\/wp-content\/uploads\/2025\/10\/251001_Caritas_Whir3_0437_\u00a9philipphirtenlehner-HDR-300x200.jpg 300w, https:\/\/www.leyform.es\/blog\/wp-content\/uploads\/2025\/10\/251001_Caritas_Whir3_0437_\u00a9philipphirtenlehner-HDR-1024x683.jpg 1024w, https:\/\/www.leyform.es\/blog\/wp-content\/uploads\/2025\/10\/251001_Caritas_Whir3_0437_\u00a9philipphirtenlehner-HDR-768x512.jpg 768w, https:\/\/www.leyform.es\/blog\/wp-content\/uploads\/2025\/10\/251001_Caritas_Whir3_0437_\u00a9philipphirtenlehner-HDR-1536x1024.jpg 1536w\" sizes=\"auto, (max-width: 2048px) 100vw, 2048px\" \/><\/a><\/figure>\n<\/div>\n\n\n<p>La silla <a href=\"https:\/\/www.leyform.es\/silla-de-madera\/sillas-de-madera-p-residencias-de-ancianos-kalos.html\" target=\"_blank\" rel=\"noreferrer noopener\">Kalos<\/a> combina el calor de la madera con tapizados f\u00e1ciles de limpiar. Ideal para residencias de ancianos, centros de d\u00eda y centros de cuidados paliativos, transmite seguridad y armon\u00eda en cualquier entorno asistencial.<\/p>\n\n\n\n<h3 class=\"wp-block-heading\">Greta: la fuerza de la ligereza<\/h3>\n\n\n<div class=\"wp-block-image\">\n<figure class=\"alignleft size-full is-resized\" style=\"margin-top:10px;margin-right:0px;margin-bottom:10px;margin-left:0px\"><a href=\"https:\/\/www.leyform.es\/silla-de-conferencias\/silla-de-jardin-apilable-p-exterior-outdoor-greta.html\" target=\"_blank\" rel=\" noreferrer noopener\"><img loading=\"lazy\" decoding=\"async\" width=\"2048\" height=\"1365\" src=\"https:\/\/www.leyform.es\/blog\/wp-content\/uploads\/2025\/10\/251001_Caritas_Whir3_0656_\u00a9philipphirtenlehner-HDR.jpg\" alt=\"sillas-para-residencia-de-ancianos-2\" class=\"wp-image-291\" style=\"aspect-ratio:16\/9;object-fit:cover;width:1120px\" srcset=\"https:\/\/www.leyform.es\/blog\/wp-content\/uploads\/2025\/10\/251001_Caritas_Whir3_0656_\u00a9philipphirtenlehner-HDR.jpg 2048w, https:\/\/www.leyform.es\/blog\/wp-content\/uploads\/2025\/10\/251001_Caritas_Whir3_0656_\u00a9philipphirtenlehner-HDR-300x200.jpg 300w, https:\/\/www.leyform.es\/blog\/wp-content\/uploads\/2025\/10\/251001_Caritas_Whir3_0656_\u00a9philipphirtenlehner-HDR-1024x683.jpg 1024w, https:\/\/www.leyform.es\/blog\/wp-content\/uploads\/2025\/10\/251001_Caritas_Whir3_0656_\u00a9philipphirtenlehner-HDR-768x512.jpg 768w, https:\/\/www.leyform.es\/blog\/wp-content\/uploads\/2025\/10\/251001_Caritas_Whir3_0656_\u00a9philipphirtenlehner-HDR-1536x1024.jpg 1536w\" sizes=\"auto, (max-width: 2048px) 100vw, 2048px\" \/><\/a><\/figure>\n<\/div>\n\n\n<p>Sencilla, robusta y ecol\u00f3gica, <a href=\"https:\/\/www.leyform.es\/silla-de-conferencias\/silla-de-jardin-apilable-p-exterior-outdoor-greta.html\" target=\"_blank\" rel=\"noreferrer noopener\">Greta<\/a> est\u00e1 fabricada con material reciclado y reciclable. Esta silla para residencia de ancianos es una soluci\u00f3n vers\u00e1til para espacios comunes y zonas de descanso donde la higiene y la practicidad son esenciales.<\/p>\n\n\n\n<p><strong>Desde hace m\u00e1s de cincuenta a\u00f1os, Leyform se especializa en la fabricaci\u00f3n de sillas para residencias de ancianos, centros de d\u00eda y entornos asistenciales, combinando confort, dise\u00f1o y funcionalidad. <\/strong>Cada proyecto nace con el objetivo de mejorar la calidad de vida en todos los espacios dedicados al cuidado.<\/p>\n\n\n\n<p><a href=\"https:\/\/www.leyform.es\/leyform-contactos.html\" target=\"_blank\" rel=\"noreferrer noopener\">Cont\u00e1ctanos<\/a> para recibir un asesoramiento personalizado y ofertas adaptadas a tus instalaciones asistenciales.<\/p>\n","protected":false},"excerpt":{"rendered":"<p>Todos los detalles del proyecto para Caritas Tagesbetreuung Seitenstetten, donde bienestar y atenci\u00f3n se encuentran Las sillas para residencias de [&hellip;]<\/p>\n","protected":false},"author":1,"featured_media":287,"comment_status":"closed","ping_status":"closed","sticky":false,"template":"","format":"standard","meta":{"_acf_changed":false,"footnotes":""},"categories":[20,11],"tags":[58,57],"class_list":["post-279","post","type-post","status-publish","format-standard","has-post-thumbnail","hentry","category-colectividades","category-espera","tag-residencia-de-ancianos","tag-sillas-para-residencia-de-ancianos"],"acf":[],"_links":{"self":[{"href":"https:\/\/www.leyform.es\/blog\/wp-json\/wp\/v2\/posts\/279","targetHints":{"allow":["GET"]}}],"collection":[{"href":"https:\/\/www.leyform.es\/blog\/wp-json\/wp\/v2\/posts"}],"about":[{"href":"https:\/\/www.leyform.es\/blog\/wp-json\/wp\/v2\/types\/post"}],"author":[{"embeddable":true,"href":"https:\/\/www.leyform.es\/blog\/wp-json\/wp\/v2\/users\/1"}],"replies":[{"embeddable":true,"href":"https:\/\/www.leyform.es\/blog\/wp-json\/wp\/v2\/comments?post=279"}],"version-history":[{"count":2,"href":"https:\/\/www.leyform.es\/blog\/wp-json\/wp\/v2\/posts\/279\/revisions"}],"predecessor-version":[{"id":292,"href":"https:\/\/www.leyform.es\/blog\/wp-json\/wp\/v2\/posts\/279\/revisions\/292"}],"wp:featuredmedia":[{"embeddable":true,"href":"https:\/\/www.leyform.es\/blog\/wp-json\/wp\/v2\/media\/287"}],"wp:attachment":[{"href":"https:\/\/www.leyform.es\/blog\/wp-json\/wp\/v2\/media?parent=279"}],"wp:term":[{"taxonomy":"category","embeddable":true,"href":"https:\/\/www.leyform.es\/blog\/wp-json\/wp\/v2\/categories?post=279"},{"taxonomy":"post_tag","embeddable":true,"href":"https:\/\/www.leyform.es\/blog\/wp-json\/wp\/v2\/tags?post=279"}],"curies":[{"name":"wp","href":"https:\/\/api.w.org\/{rel}","templated":true}]}}