{"id":309,"date":"2026-02-09T09:30:46","date_gmt":"2026-02-09T09:30:46","guid":{"rendered":"https:\/\/www.leyform.es\/blog\/?p=309"},"modified":"2026-02-09T09:31:49","modified_gmt":"2026-02-09T09:31:49","slug":"leyform-presenta-nuevas-direcciones-diseno-2026","status":"publish","type":"post","link":"https:\/\/www.leyform.es\/blog\/leyform-presenta-nuevas-direcciones-diseno-2026\/","title":{"rendered":"Leyform presenta las nuevas direcciones del dise\u00f1o 2026"},"content":{"rendered":"\n<h2 class=\"wp-block-heading\">Un evento exclusivo dedicado a la innovaci\u00f3n, el dise\u00f1o y las nuevas colecciones Leyform para espacios de espera, colectividad y oficina<\/h2>\n\n\n<div class=\"wp-block-image\">\n<figure class=\"alignleft size-full is-resized\" style=\"margin-top:10px;margin-right:0px;margin-bottom:10px;margin-left:0px\"><a href=\"https:\/\/www.leyform.es\/\" target=\"_blank\" rel=\" noreferrer noopener\"><img loading=\"lazy\" decoding=\"async\" width=\"2048\" height=\"2048\" src=\"https:\/\/www.leyform.es\/blog\/wp-content\/uploads\/2026\/02\/26\u201327-February-2026.png\" alt=\"Leyform_1\" class=\"wp-image-310\" style=\"width:1120px\" srcset=\"https:\/\/www.leyform.es\/blog\/wp-content\/uploads\/2026\/02\/26\u201327-February-2026.png 2048w, https:\/\/www.leyform.es\/blog\/wp-content\/uploads\/2026\/02\/26\u201327-February-2026-300x300.png 300w, https:\/\/www.leyform.es\/blog\/wp-content\/uploads\/2026\/02\/26\u201327-February-2026-1024x1024.png 1024w, https:\/\/www.leyform.es\/blog\/wp-content\/uploads\/2026\/02\/26\u201327-February-2026-150x150.png 150w, https:\/\/www.leyform.es\/blog\/wp-content\/uploads\/2026\/02\/26\u201327-February-2026-768x768.png 768w, https:\/\/www.leyform.es\/blog\/wp-content\/uploads\/2026\/02\/26\u201327-February-2026-1536x1536.png 1536w\" sizes=\"auto, (max-width: 2048px) 100vw, 2048px\" \/><\/a><\/figure>\n<\/div>\n\n\n<p>El 27 de febrero de 2025, en la sede de Leyform en Colle Umberto (TV), tendr\u00e1 lugar un evento exclusivo dedicado a la innovaci\u00f3n y al dise\u00f1o contempor\u00e1neo. Una cita reservada al equipo comercial de Leyform, junto con el CMO, que contar\u00e1 con la participaci\u00f3n especial del dise\u00f1ador <a href=\"https:\/\/it.linkedin.com\/in\/nicola-cacco-92957218\" target=\"_blank\" rel=\"noreferrer noopener\">Nicola Cacco<\/a>, protagonista de su visi\u00f3n proyectual para Leyform: <strong>geometr\u00edas ic\u00f3nicas, soluciones modulares y un lenguaje formal distintivo,<\/strong> pensados para entornos contempor\u00e1neos de fuerte identidad.<\/p>\n\n\n\n<h3 class=\"wp-block-heading\">Nuevas colecciones y tendencias 2026<\/h3>\n\n\n\n<p><\/p>\n\n\n<div class=\"wp-block-image\">\n<figure class=\"alignleft size-full is-resized\" style=\"margin-top:10px;margin-right:0px;margin-bottom:10px;margin-left:0px\"><a href=\"https:\/\/it.linkedin.com\/in\/nicola-cacco-92957218\" target=\"_blank\" rel=\" noreferrer noopener\"><img loading=\"lazy\" decoding=\"async\" width=\"2560\" height=\"1829\" src=\"https:\/\/www.leyform.es\/blog\/wp-content\/uploads\/2026\/02\/Leyform_2-1-scaled.jpg\" alt=\"Leyform_2\" class=\"wp-image-311\" style=\"aspect-ratio:16\/9;object-fit:cover;width:1120px\" srcset=\"https:\/\/www.leyform.es\/blog\/wp-content\/uploads\/2026\/02\/Leyform_2-1-scaled.jpg 2560w, https:\/\/www.leyform.es\/blog\/wp-content\/uploads\/2026\/02\/Leyform_2-1-300x214.jpg 300w, https:\/\/www.leyform.es\/blog\/wp-content\/uploads\/2026\/02\/Leyform_2-1-1024x731.jpg 1024w, https:\/\/www.leyform.es\/blog\/wp-content\/uploads\/2026\/02\/Leyform_2-1-768x549.jpg 768w, https:\/\/www.leyform.es\/blog\/wp-content\/uploads\/2026\/02\/Leyform_2-1-1536x1097.jpg 1536w, https:\/\/www.leyform.es\/blog\/wp-content\/uploads\/2026\/02\/Leyform_2-1-2048x1463.jpg 2048w\" sizes=\"auto, (max-width: 2560px) 100vw, 2560px\" \/><\/a><\/figure>\n<\/div>\n\n\n<p class=\"has-text-align-center\"><\/p>\n\n\n\n<p>El encuentro ser\u00e1 la ocasi\u00f3n para presentar <a href=\"https:\/\/www.leyform.es\/\" target=\"_blank\" rel=\"noreferrer noopener\">nuevas colecciones<\/a>, tendencias emergentes y conceptos in\u00e9ditos, compartiendo el recorrido creativo que Leyform est\u00e1 trazando para redefinir los espacios de espera, colectividad y oficina. Geometr\u00edas marcadas, formas ic\u00f3nicas y soluciones modulares se convierten en el lenguaje con el que la empresa interpreta entornos de car\u00e1cter fuerte, identitario y contempor\u00e1neo.<\/p>\n\n\n\n<p>Nicola Cacco dar\u00e1 a conocer las <strong>ideas y creaciones 2026,<\/strong> explicando c\u00f3mo las nuevas tendencias toman forma en pufs, sof\u00e1s modulares para <strong>lobbies, recepciones y espacios abiertos, <\/strong>as\u00ed como en<strong> sillones direccionales<\/strong> de gran impacto visual. Una oportunidad \u00fanica para adentrarse en el futuro del <strong>dise\u00f1o Made in Italy.<\/strong><\/p>\n\n\n\n<h3 class=\"wp-block-heading has-text-align-left\">Un recorrido compartido hacia la excelencia<\/h3>\n\n\n\n<p class=\"has-text-align-left\"><\/p>\n\n\n<div class=\"wp-block-image\">\n<figure class=\"alignleft size-full is-resized\" style=\"margin-top:10px;margin-right:0px;margin-bottom:10px;margin-left:0px\"><a href=\"https:\/\/www.leyform.es\/\" target=\"_blank\" rel=\" noreferrer noopener\"><img loading=\"lazy\" decoding=\"async\" width=\"1184\" height=\"864\" src=\"https:\/\/www.leyform.es\/blog\/wp-content\/uploads\/2026\/02\/showroom_03-1.png\" alt=\"Leyform_3\" class=\"wp-image-312\" style=\"aspect-ratio:16\/9;object-fit:cover;width:1120px\" srcset=\"https:\/\/www.leyform.es\/blog\/wp-content\/uploads\/2026\/02\/showroom_03-1.png 1184w, https:\/\/www.leyform.es\/blog\/wp-content\/uploads\/2026\/02\/showroom_03-1-300x219.png 300w, https:\/\/www.leyform.es\/blog\/wp-content\/uploads\/2026\/02\/showroom_03-1-1024x747.png 1024w, https:\/\/www.leyform.es\/blog\/wp-content\/uploads\/2026\/02\/showroom_03-1-768x560.png 768w\" sizes=\"auto, (max-width: 1184px) 100vw, 1184px\" \/><\/a><\/figure>\n<\/div>\n\n\n<p>Este encuentro se concibe como un espacio de di\u00e1logo e inspiraci\u00f3n, donde ideas, visiones y feedback pasan a formar parte de un recorrido compartido, reforzando la identidad de Leyform y su compromiso constante con la excelencia en el dise\u00f1o.<\/p>\n\n\n\n<p>\u00bfQuieres conocer mejor el universo Leyform y descubrir las nuevas tendencias de dise\u00f1o para 2026?&nbsp;<a href=\"https:\/\/www.leyform.es\/leyform-contactos.html\" target=\"_blank\" rel=\"noreferrer noopener\">Cont\u00e1ctanos<\/a> y d\u00e9jate guiar en la elecci\u00f3n de las soluciones m\u00e1s adecuadas para tus espacios.<\/p>\n","protected":false},"excerpt":{"rendered":"<p>Un evento exclusivo dedicado a la innovaci\u00f3n, el dise\u00f1o y las nuevas colecciones Leyform para espacios de espera, colectividad y [&hellip;]<\/p>\n","protected":false},"author":1,"featured_media":310,"comment_status":"closed","ping_status":"closed","sticky":false,"template":"","format":"standard","meta":{"_acf_changed":false,"footnotes":""},"categories":[15],"tags":[62,63],"class_list":["post-309","post","type-post","status-publish","format-standard","has-post-thumbnail","hentry","category-noticias","tag-design-2026","tag-leyform-novedades-2026"],"acf":[],"_links":{"self":[{"href":"https:\/\/www.leyform.es\/blog\/wp-json\/wp\/v2\/posts\/309","targetHints":{"allow":["GET"]}}],"collection":[{"href":"https:\/\/www.leyform.es\/blog\/wp-json\/wp\/v2\/posts"}],"about":[{"href":"https:\/\/www.leyform.es\/blog\/wp-json\/wp\/v2\/types\/post"}],"author":[{"embeddable":true,"href":"https:\/\/www.leyform.es\/blog\/wp-json\/wp\/v2\/users\/1"}],"replies":[{"embeddable":true,"href":"https:\/\/www.leyform.es\/blog\/wp-json\/wp\/v2\/comments?post=309"}],"version-history":[{"count":4,"href":"https:\/\/www.leyform.es\/blog\/wp-json\/wp\/v2\/posts\/309\/revisions"}],"predecessor-version":[{"id":316,"href":"https:\/\/www.leyform.es\/blog\/wp-json\/wp\/v2\/posts\/309\/revisions\/316"}],"wp:featuredmedia":[{"embeddable":true,"href":"https:\/\/www.leyform.es\/blog\/wp-json\/wp\/v2\/media\/310"}],"wp:attachment":[{"href":"https:\/\/www.leyform.es\/blog\/wp-json\/wp\/v2\/media?parent=309"}],"wp:term":[{"taxonomy":"category","embeddable":true,"href":"https:\/\/www.leyform.es\/blog\/wp-json\/wp\/v2\/categories?post=309"},{"taxonomy":"post_tag","embeddable":true,"href":"https:\/\/www.leyform.es\/blog\/wp-json\/wp\/v2\/tags?post=309"}],"curies":[{"name":"wp","href":"https:\/\/api.w.org\/{rel}","templated":true}]}}