{"id":48,"date":"2025-01-15T11:44:45","date_gmt":"2025-01-15T11:44:45","guid":{"rendered":"https:\/\/www.leyform.it\/blog\/?p=48"},"modified":"2025-01-16T08:48:18","modified_gmt":"2025-01-16T08:48:18","slug":"encuentro-equipo-ventas","status":"publish","type":"post","link":"https:\/\/www.leyform.es\/blog\/encuentro-equipo-ventas\/","title":{"rendered":"Detr\u00e1s de Leyform: Un Encuentro con el equipo de ventas"},"content":{"rendered":"\n<h2 class=\"wp-block-heading\">Un Evento Exclusivo para Conocer las \u00daltimas novedades y tendencias de Dise\u00f1o de Leyform para 2025<\/h2>\n\n\n\n<p><\/p>\n\n\n<div class=\"wp-block-image\">\n<figure class=\"aligncenter size-full is-resized\" style=\"margin-top:10px;margin-right:0px;margin-bottom:10px;margin-left:0px\"><img loading=\"lazy\" decoding=\"async\" width=\"1120\" height=\"1120\" src=\"https:\/\/www.leyform.es\/blog\/wp-content\/uploads\/2025\/01\/grafica-riunione-agenti-ESP-1120.png\" alt=\"Encuentro-equipo- ventas\" class=\"wp-image-122\" style=\"aspect-ratio:1;object-fit:cover;width:1120px\" srcset=\"https:\/\/www.leyform.es\/blog\/wp-content\/uploads\/2025\/01\/grafica-riunione-agenti-ESP-1120.png 1120w, https:\/\/www.leyform.es\/blog\/wp-content\/uploads\/2025\/01\/grafica-riunione-agenti-ESP-1120-300x300.png 300w, https:\/\/www.leyform.es\/blog\/wp-content\/uploads\/2025\/01\/grafica-riunione-agenti-ESP-1120-1024x1024.png 1024w, https:\/\/www.leyform.es\/blog\/wp-content\/uploads\/2025\/01\/grafica-riunione-agenti-ESP-1120-150x150.png 150w, https:\/\/www.leyform.es\/blog\/wp-content\/uploads\/2025\/01\/grafica-riunione-agenti-ESP-1120-768x768.png 768w\" sizes=\"auto, (max-width: 1120px) 100vw, 1120px\" \/><\/figure>\n<\/div>\n\n\n<p><\/p>\n\n\n\n<p>El pr\u00f3ximo 28 de febrero de 2025, la sede de <a href=\"https:\/\/leyform.es\/\" target=\"_blank\" rel=\"noreferrer noopener\">Leyform<\/a> en Via Sandro Pertini 1, Colle Umberto (TV), ser\u00e1 el escenario de un evento especial. Este encuentro reunir\u00e1 al equipo comercial de Leyform, al director de marketing y al dise\u00f1ador Nicola Cacco, para presentar las \u00faltimas innovaciones y tendencias del sector.&nbsp;<\/p>\n\n\n\n<p>Durante el evento, se trazar\u00e1 el rumbo que seguir\u00e1 Leyform para dise\u00f1ar espacios de espera, \u00e1reas colectivas y oficinas con un estilo \u00fanico y reconocible.<\/p>\n\n\n\n<h3 class=\"wp-block-heading\">Nicola Cacco: El Talento Creativo Detr\u00e1s de las Nuevas Colecciones<\/h3>\n\n\n\n<p><\/p>\n\n\n<div class=\"wp-block-image\">\n<figure class=\"alignleft size-full is-resized\" style=\"margin-top:10px;margin-right:0px;margin-bottom:10px;margin-left:0px\"><img loading=\"lazy\" decoding=\"async\" width=\"1290\" height=\"1400\" src=\"https:\/\/www.leyform.es\/blog\/wp-content\/uploads\/2025\/01\/nicola-cacco-1290x1400-1.webp\" alt=\"Nicola Cacco\" class=\"wp-image-125\" style=\"aspect-ratio:16\/9;object-fit:cover;width:1120px\" srcset=\"https:\/\/www.leyform.es\/blog\/wp-content\/uploads\/2025\/01\/nicola-cacco-1290x1400-1.webp 1290w, https:\/\/www.leyform.es\/blog\/wp-content\/uploads\/2025\/01\/nicola-cacco-1290x1400-1-276x300.webp 276w, https:\/\/www.leyform.es\/blog\/wp-content\/uploads\/2025\/01\/nicola-cacco-1290x1400-1-944x1024.webp 944w, https:\/\/www.leyform.es\/blog\/wp-content\/uploads\/2025\/01\/nicola-cacco-1290x1400-1-768x833.webp 768w\" sizes=\"auto, (max-width: 1290px) 100vw, 1290px\" \/><\/figure>\n<\/div>\n\n\n<p><\/p>\n\n\n\n<p>El dise\u00f1ador <a href=\"https:\/\/it.linkedin.com\/in\/nicola-cacco-92957218\" target=\"_blank\" rel=\"noreferrer noopener\">Nicola Cacco<\/a> compartir\u00e1 sus ideas y creaciones para 2025, mostrando c\u00f3mo se reflejar\u00e1n las tendencias m\u00e1s actuales en productos como pufs y bancos modulares, sof\u00e1s para zonas de espera, y sillones direccionales dise\u00f1ados para oficinas que buscan un estilo moderno y distintivo. Una oportunidad \u00fanica para explorar el futuro del dise\u00f1o italiano.<br><\/p>\n\n\n\n<h3 class=\"wp-block-heading has-text-align-left\">Inspiraci\u00f3n y Trabajo en Equipo para Crecer Juntos<\/h3>\n\n\n\n<p><\/p>\n\n\n<div class=\"wp-block-image\">\n<figure class=\"aligncenter size-full is-resized\" style=\"margin-top:10px;margin-right:0px;margin-bottom:10px;margin-left:0px\"><img loading=\"lazy\" decoding=\"async\" width=\"1200\" height=\"800\" src=\"https:\/\/www.leyform.es\/blog\/wp-content\/uploads\/2025\/01\/Collaborazione.jpg\" alt=\"Apret\u00f3n de manos\n\" class=\"wp-image-113\" style=\"aspect-ratio:16\/9;object-fit:cover;width:1120px\" srcset=\"https:\/\/www.leyform.es\/blog\/wp-content\/uploads\/2025\/01\/Collaborazione.jpg 1200w, https:\/\/www.leyform.es\/blog\/wp-content\/uploads\/2025\/01\/Collaborazione-300x200.jpg 300w, https:\/\/www.leyform.es\/blog\/wp-content\/uploads\/2025\/01\/Collaborazione-1024x683.jpg 1024w, https:\/\/www.leyform.es\/blog\/wp-content\/uploads\/2025\/01\/Collaborazione-768x512.jpg 768w\" sizes=\"auto, (max-width: 1200px) 100vw, 1200px\" \/><\/figure>\n<\/div>\n\n\n<p><\/p>\n\n\n\n<p>Este evento es una oportunidad para intercambiar ideas y puntos de vista, reforzando nuestra misi\u00f3n de ofrecer excelencia en cada proyecto.<\/p>\n\n\n\n<p>\u00bfTe interesa saber m\u00e1s sobre Leyform y sus propuestas para el pr\u00f3ximo a\u00f1o? \u00a1<a href=\"https:\/\/leyform.es\/\" target=\"_blank\" rel=\"noreferrer noopener\">Escr\u00edbenos<\/a> y descubre todo lo que tenemos preparado!<\/p>\n\n\n\n<p><\/p>\n","protected":false},"excerpt":{"rendered":"<p>Un Evento Exclusivo para Conocer las \u00daltimas novedades y tendencias de Dise\u00f1o de Leyform para 2025 El pr\u00f3ximo 28 de [&hellip;]<\/p>\n","protected":false},"author":1,"featured_media":123,"comment_status":"closed","ping_status":"closed","sticky":false,"template":"","format":"standard","meta":{"_acf_changed":false,"footnotes":""},"categories":[15],"tags":[25,28,29],"class_list":["post-48","post","type-post","status-publish","format-standard","has-post-thumbnail","hentry","category-noticias","tag-nicola-cacco","tag-novedades-design","tag-tendencias-2025"],"acf":[],"_links":{"self":[{"href":"https:\/\/www.leyform.es\/blog\/wp-json\/wp\/v2\/posts\/48","targetHints":{"allow":["GET"]}}],"collection":[{"href":"https:\/\/www.leyform.es\/blog\/wp-json\/wp\/v2\/posts"}],"about":[{"href":"https:\/\/www.leyform.es\/blog\/wp-json\/wp\/v2\/types\/post"}],"author":[{"embeddable":true,"href":"https:\/\/www.leyform.es\/blog\/wp-json\/wp\/v2\/users\/1"}],"replies":[{"embeddable":true,"href":"https:\/\/www.leyform.es\/blog\/wp-json\/wp\/v2\/comments?post=48"}],"version-history":[{"count":44,"href":"https:\/\/www.leyform.es\/blog\/wp-json\/wp\/v2\/posts\/48\/revisions"}],"predecessor-version":[{"id":259,"href":"https:\/\/www.leyform.es\/blog\/wp-json\/wp\/v2\/posts\/48\/revisions\/259"}],"wp:featuredmedia":[{"embeddable":true,"href":"https:\/\/www.leyform.es\/blog\/wp-json\/wp\/v2\/media\/123"}],"wp:attachment":[{"href":"https:\/\/www.leyform.es\/blog\/wp-json\/wp\/v2\/media?parent=48"}],"wp:term":[{"taxonomy":"category","embeddable":true,"href":"https:\/\/www.leyform.es\/blog\/wp-json\/wp\/v2\/categories?post=48"},{"taxonomy":"post_tag","embeddable":true,"href":"https:\/\/www.leyform.es\/blog\/wp-json\/wp\/v2\/tags?post=48"}],"curies":[{"name":"wp","href":"https:\/\/api.w.org\/{rel}","templated":true}]}}